{"id":8577,"date":"2026-09-04T18:54:54","date_gmt":"2026-09-04T18:54:54","guid":{"rendered":"https:\/\/www.recipes-hungarian.top\/?p=8577"},"modified":"2026-09-04T18:54:54","modified_gmt":"2026-09-04T18:54:54","slug":"minden-kertesznek-el-kellene-ultetnie-ezt-az-oshonos-evelo-novenyt-ime-miert","status":"publish","type":"post","link":"https:\/\/www.recipes-hungarian.top\/?p=8577","title":{"rendered":"Minden kert\u00e9sznek el kellene \u00fcltetnie ezt az \u0151shonos \u00e9vel\u0151 n\u00f6v\u00e9nyt. \u00cdme, mi\u00e9rt."},"content":{"rendered":"\n<p class=\"wp-block-paragraph\">Az \u201e\u0151shonos \u00e9vel\u0151k, amelyeket minden kert\u00e9sznek \u00fcltetnie kellene\u201d c\u00edm\u0171 szalagc\u00edmek \u00e1ltal\u00e1ban a b\u00edbor kasvir\u00e1gra (Echinacea purpurea), a m\u00e1lyv\u00e1ra, a kar\u00e1csonyi r\u00f3zs\u00e1ra (Helleborus) vagy a gy\u0171sz\u0171vir\u00e1gra (Microcephalus) vonatkoznak. A mi k\u00f6r\u00fclm\u00e9nyeink k\u00f6z\u00f6tt azonban ez a le\u00edr\u00e1s t\u00f6k\u00e9letesen illik a b\u00edbor kasvir\u00e1gra \u00e9s a m\u00e1lyv\u00e1ra.<\/p>\n\n\n\n<p class=\"wp-block-paragraph\">Ezek az \u0151shonos (vagy r\u00e9g\u00f3ta termesztett) \u00e9vel\u0151k egyre n\u00e9pszer\u0171bbek a modern kerttervez\u00e9sben. \u00cdme a f\u0151 okok, ami\u00e9rt a kertj\u00e9ben is ott kellene lenni\u00fck:<\/p>\n\n\n\n<p class=\"wp-block-paragraph\">Extr\u00e9m sz\u00e1razs\u00e1g \u00e9s h\u0151t\u0171r\u00e9s<br>Az \u00e9ghajlatv\u00e1ltoz\u00e1s \u00e9s az egyre n\u00f6vekv\u0151 asz\u00e1lyos id\u0151szakok miatt sz\u00e1mos hagyom\u00e1nyos vir\u00e1g szenved. Az \u0151shonos \u00e9vel\u0151k m\u00e9ly gy\u00f6k\u00e9rzettel rendelkeznek, amely lehet\u0151v\u00e9 teszi sz\u00e1mukra, hogy m\u00e9g a m\u00e9lyebb talajr\u00e9tegekben is vizet tal\u00e1ljanak. Miut\u00e1n megtelepedtek, szinte semmilyen tov\u00e1bbi \u00f6nt\u00f6z\u00e9st nem ig\u00e9nyelnek.<\/p>\n\n\n\n<p class=\"wp-block-paragraph\">M\u00e1gnesk\u00e9nt vonzz\u00e1k a beporz\u00f3kat.<\/p>\n\n\n\n<p class=\"wp-block-paragraph\">A dupla vir\u00e1g\u00fa hibridekkel ellent\u00e9tben (amelyek gyakran nem termelnek vir\u00e1gport vagy nekt\u00e1rt), az \u0151shonos fajt\u00e1k b\u0151s\u00e9ges t\u00e1pl\u00e1l\u00e9kot k\u00edn\u00e1lnak a m\u00e9heknek, dong\u00f3knak \u00e9s lepk\u00e9knek a ny\u00e1r elej\u00e9t\u0151l \u0151szig.<\/p>\n\n\n\n<p class=\"wp-block-paragraph\">Nincs sz\u00fcks\u00e9g m\u0171tr\u00e1gy\u00e1ra vagy gondoz\u00e1sra.<\/p>\n\n\n\n<p class=\"wp-block-paragraph\">Ezek a n\u00f6v\u00e9nyek a term\u00e9szetes, gyakran t\u00e1panyagszeg\u00e9ny talajokhoz alkalmazkodtak.<\/p>\n\n\n\n<p class=\"wp-block-paragraph\">Nem ig\u00e9nyelnek \u00e1lland\u00f3 m\u0171tr\u00e1gy\u00e1z\u00e1st (a t\u00e1panyagfelesleg val\u00f3j\u00e1ban k\u00e1ros, mivel cs\u00f6kkenti a vir\u00e1gz\u00e1st).<\/p>\n\n\n\n<p class=\"wp-block-paragraph\">Term\u00e9szetesen ellen\u00e1llnak az \u0151shonos k\u00e1rtev\u0151knek \u00e9s gombabetegs\u00e9geknek.<\/p>\n\n\n\n<p class=\"wp-block-paragraph\">T\u00e9len is sz\u00e9p\u00edtik a kertet.<\/p>\n\n\n\n<p class=\"wp-block-paragraph\">\u0150szi vir\u00e1gz\u00e1s ut\u00e1n elsz\u00e1radt vir\u00e1gfejeik \u00e9s magtokjaik gy\u00f6ny\u00f6r\u0171 sziluettet alkotnak a t\u00e9li kertben (k\u00fcl\u00f6n\u00f6sen h\u00f3 vagy fagy alatt), \u00e9s term\u00e9szetes t\u00e1pl\u00e1l\u00e9kforr\u00e1sk\u00e9nt szolg\u00e1lnak a telel\u0151 madarak sz\u00e1m\u00e1ra.<\/p>\n\n\n\n<p class=\"wp-block-paragraph\">A legjobb \u0151shonos \u00e9s ig\u00e9nytelen \u00e9vel\u0151k a szlov\u00e1k kertbe:<\/p>\n\n\n\n<p class=\"wp-block-paragraph\">Echinacea purpurea: Sok\u00e1ig vir\u00e1gzik, h\u0151t\u0171r\u0151 \u00e9s gy\u00f3gyhat\u00e1s\u00fa.<\/p>\n\n\n\n<p class=\"wp-block-paragraph\">Sedum spectabile (K\u00f6vir\u00f3zsa): Rendk\u00edv\u00fcl sz\u00e1razs\u00e1gt\u0171r\u0151, \u00e9s ny\u00e1r v\u00e9g\u00e9t\u0151l \u0151szig vir\u00e1gzik.<\/p>\n\n\n\n<p class=\"wp-block-paragraph\">Aster (Aster): \u0150sszel sz\u00ednt hoz a kertbe, amikor a t\u00f6bbi vir\u00e1g m\u00e1r elhervadt.<\/p>\n\n\n\n<p class=\"wp-block-paragraph\">Salvia nemorosa (Fekete zs\u00e1lya): Illatos \u00e9vel\u0151, amelyet az els\u0151 vir\u00e1gz\u00e1s ut\u00e1n vissza lehet v\u00e1gni, \u00e9s \u00fajra vir\u00e1gozni fog<\/p>\n\n\n\n<p class=\"wp-block-paragraph\"><\/p>\n","protected":false},"excerpt":{"rendered":"<p>Az \u201e\u0151shonos \u00e9vel\u0151k, amelyeket minden kert\u00e9sznek \u00fcltetnie kellene\u201d c\u00edm\u0171 szalagc\u00edmek \u00e1ltal\u00e1ban a b\u00edbor kasvir\u00e1gra (Echinacea purpurea), a m\u00e1lyv\u00e1ra, a kar\u00e1csonyi r\u00f3zs\u00e1ra (Helleborus) vagy a gy\u0171sz\u0171vir\u00e1gra (Microcephalus) vonatkoznak. A mi k\u00f6r\u00fclm\u00e9nyeink k\u00f6z\u00f6tt azonban ez a le\u00edr\u00e1s t\u00f6k\u00e9letesen illik a b\u00edbor kasvir\u00e1gra \u00e9s a m\u00e1lyv\u00e1ra. Ezek az \u0151shonos (vagy r\u00e9g\u00f3ta termesztett) \u00e9vel\u0151k egyre n\u00e9pszer\u0171bbek a modern kerttervez\u00e9sben. [&hellip;]<\/p>\n","protected":false},"author":2,"featured_media":8578,"comment_status":"open","ping_status":"open","sticky":false,"template":"","format":"standard","meta":{"footnotes":""},"categories":[4],"tags":[],"class_list":["post-8577","post","type-post","status-publish","format-standard","has-post-thumbnail","hentry","category-recept"],"yoast_head":"<!-- This site is optimized with the Yoast SEO plugin v28.4 - https:\/\/yoast.com\/product\/yoast-seo-wordpress\/ -->\n<title>Minden kert\u00e9sznek el kellene \u00fcltetnie ezt az \u0151shonos \u00e9vel\u0151 n\u00f6v\u00e9nyt. \u00cdme, mi\u00e9rt. - Hungarian Cuisine<\/title>\n<meta name=\"robots\" content=\"index, follow, max-snippet:-1, max-image-preview:large, max-video-preview:-1\" \/>\n<link rel=\"canonical\" href=\"https:\/\/www.recipes-hungarian.top\/?p=8577\" \/>\n<meta property=\"og:locale\" content=\"hu_HU\" \/>\n<meta property=\"og:type\" content=\"article\" \/>\n<meta property=\"og:title\" content=\"Minden kert\u00e9sznek el kellene \u00fcltetnie ezt az \u0151shonos \u00e9vel\u0151 n\u00f6v\u00e9nyt. \u00cdme, mi\u00e9rt. - Hungarian Cuisine\" \/>\n<meta property=\"og:description\" content=\"Az \u201e\u0151shonos \u00e9vel\u0151k, amelyeket minden kert\u00e9sznek \u00fcltetnie kellene\u201d c\u00edm\u0171 szalagc\u00edmek \u00e1ltal\u00e1ban a b\u00edbor kasvir\u00e1gra (Echinacea purpurea), a m\u00e1lyv\u00e1ra, a kar\u00e1csonyi r\u00f3zs\u00e1ra (Helleborus) vagy a gy\u0171sz\u0171vir\u00e1gra (Microcephalus) vonatkoznak. A mi k\u00f6r\u00fclm\u00e9nyeink k\u00f6z\u00f6tt azonban ez a le\u00edr\u00e1s t\u00f6k\u00e9letesen illik a b\u00edbor kasvir\u00e1gra \u00e9s a m\u00e1lyv\u00e1ra. Ezek az \u0151shonos (vagy r\u00e9g\u00f3ta termesztett) \u00e9vel\u0151k egyre n\u00e9pszer\u0171bbek a modern kerttervez\u00e9sben. [&hellip;]\" \/>\n<meta property=\"og:url\" content=\"https:\/\/www.recipes-hungarian.top\/?p=8577\" \/>\n<meta property=\"og:site_name\" content=\"Hungarian Cuisine\" \/>\n<meta property=\"article:published_time\" content=\"2026-09-04T18:54:54+00:00\" \/>\n<meta property=\"og:image\" content=\"http:\/\/www.recipes-hungarian.top\/wp-content\/uploads\/2026\/09\/789489673_122110241349409311_1078326531182638041_n.jpg\" \/>\n\t<meta property=\"og:image:width\" content=\"720\" \/>\n\t<meta property=\"og:image:height\" content=\"961\" \/>\n\t<meta property=\"og:image:type\" content=\"image\/jpeg\" \/>\n<meta name=\"author\" content=\"olia\" \/>\n<meta name=\"twitter:card\" content=\"summary_large_image\" \/>\n<meta name=\"twitter:label1\" content=\"Szerz\u0151:\" \/>\n\t<meta name=\"twitter:data1\" content=\"olia\" \/>\n\t<meta name=\"twitter:label2\" content=\"Becs\u00fclt olvas\u00e1si id\u0151\" \/>\n\t<meta name=\"twitter:data2\" content=\"2 perc\" \/>\n<script type=\"application\/ld+json\" class=\"yoast-schema-graph\">{\"@context\":\"https:\\\/\\\/schema.org\",\"@graph\":[{\"@type\":\"Article\",\"@id\":\"https:\\\/\\\/www.recipes-hungarian.top\\\/?p=8577#article\",\"isPartOf\":{\"@id\":\"https:\\\/\\\/www.recipes-hungarian.top\\\/?p=8577\"},\"author\":{\"name\":\"olia\",\"@id\":\"https:\\\/\\\/www.recipes-hungarian.top\\\/#\\\/schema\\\/person\\\/0439e4f8e4c4f4d6965d4f15e2fd25d0\"},\"headline\":\"Minden kert\u00e9sznek el kellene \u00fcltetnie ezt az \u0151shonos \u00e9vel\u0151 n\u00f6v\u00e9nyt. \u00cdme, mi\u00e9rt.\",\"datePublished\":\"2026-09-04T18:54:54+00:00\",\"mainEntityOfPage\":{\"@id\":\"https:\\\/\\\/www.recipes-hungarian.top\\\/?p=8577\"},\"wordCount\":446,\"commentCount\":0,\"publisher\":{\"@id\":\"https:\\\/\\\/www.recipes-hungarian.top\\\/#organization\"},\"image\":{\"@id\":\"https:\\\/\\\/www.recipes-hungarian.top\\\/?p=8577#primaryimage\"},\"thumbnailUrl\":\"https:\\\/\\\/www.recipes-hungarian.top\\\/wp-content\\\/uploads\\\/2026\\\/09\\\/789489673_122110241349409311_1078326531182638041_n.jpg\",\"articleSection\":[\"Recept\"],\"inLanguage\":\"hu\",\"potentialAction\":[{\"@type\":\"CommentAction\",\"name\":\"Comment\",\"target\":[\"https:\\\/\\\/www.recipes-hungarian.top\\\/?p=8577#respond\"]}]},{\"@type\":\"WebPage\",\"@id\":\"https:\\\/\\\/www.recipes-hungarian.top\\\/?p=8577\",\"url\":\"https:\\\/\\\/www.recipes-hungarian.top\\\/?p=8577\",\"name\":\"Minden kert\u00e9sznek el kellene \u00fcltetnie ezt az \u0151shonos \u00e9vel\u0151 n\u00f6v\u00e9nyt. \u00cdme, mi\u00e9rt. - Hungarian Cuisine\",\"isPartOf\":{\"@id\":\"https:\\\/\\\/www.recipes-hungarian.top\\\/#website\"},\"primaryImageOfPage\":{\"@id\":\"https:\\\/\\\/www.recipes-hungarian.top\\\/?p=8577#primaryimage\"},\"image\":{\"@id\":\"https:\\\/\\\/www.recipes-hungarian.top\\\/?p=8577#primaryimage\"},\"thumbnailUrl\":\"https:\\\/\\\/www.recipes-hungarian.top\\\/wp-content\\\/uploads\\\/2026\\\/09\\\/789489673_122110241349409311_1078326531182638041_n.jpg\",\"datePublished\":\"2026-09-04T18:54:54+00:00\",\"breadcrumb\":{\"@id\":\"https:\\\/\\\/www.recipes-hungarian.top\\\/?p=8577#breadcrumb\"},\"inLanguage\":\"hu\",\"potentialAction\":[{\"@type\":\"ReadAction\",\"target\":[\"https:\\\/\\\/www.recipes-hungarian.top\\\/?p=8577\"]}]},{\"@type\":\"ImageObject\",\"inLanguage\":\"hu\",\"@id\":\"https:\\\/\\\/www.recipes-hungarian.top\\\/?p=8577#primaryimage\",\"url\":\"https:\\\/\\\/www.recipes-hungarian.top\\\/wp-content\\\/uploads\\\/2026\\\/09\\\/789489673_122110241349409311_1078326531182638041_n.jpg\",\"contentUrl\":\"https:\\\/\\\/www.recipes-hungarian.top\\\/wp-content\\\/uploads\\\/2026\\\/09\\\/789489673_122110241349409311_1078326531182638041_n.jpg\",\"width\":720,\"height\":961},{\"@type\":\"BreadcrumbList\",\"@id\":\"https:\\\/\\\/www.recipes-hungarian.top\\\/?p=8577#breadcrumb\",\"itemListElement\":[{\"@type\":\"ListItem\",\"position\":1,\"name\":\"Home\",\"item\":\"https:\\\/\\\/www.recipes-hungarian.top\\\/\"},{\"@type\":\"ListItem\",\"position\":2,\"name\":\"Minden kert\u00e9sznek el kellene \u00fcltetnie ezt az \u0151shonos \u00e9vel\u0151 n\u00f6v\u00e9nyt. \u00cdme, mi\u00e9rt.\"}]},{\"@type\":\"WebSite\",\"@id\":\"https:\\\/\\\/www.recipes-hungarian.top\\\/#website\",\"url\":\"https:\\\/\\\/www.recipes-hungarian.top\\\/\",\"name\":\"Hungarian Cuisine\",\"description\":\"\",\"publisher\":{\"@id\":\"https:\\\/\\\/www.recipes-hungarian.top\\\/#organization\"},\"potentialAction\":[{\"@type\":\"SearchAction\",\"target\":{\"@type\":\"EntryPoint\",\"urlTemplate\":\"https:\\\/\\\/www.recipes-hungarian.top\\\/?s={search_term_string}\"},\"query-input\":{\"@type\":\"PropertyValueSpecification\",\"valueRequired\":true,\"valueName\":\"search_term_string\"}}],\"inLanguage\":\"hu\"},{\"@type\":\"Organization\",\"@id\":\"https:\\\/\\\/www.recipes-hungarian.top\\\/#organization\",\"name\":\"Hungarian Cuisine\",\"url\":\"https:\\\/\\\/www.recipes-hungarian.top\\\/\",\"logo\":{\"@type\":\"ImageObject\",\"inLanguage\":\"hu\",\"@id\":\"https:\\\/\\\/www.recipes-hungarian.top\\\/#\\\/schema\\\/logo\\\/image\\\/\",\"url\":\"https:\\\/\\\/www.recipes-hungarian.top\\\/wp-content\\\/uploads\\\/2024\\\/12\\\/cropped-oF3yVghNQ1mx9BIiOl6faw.webp\",\"contentUrl\":\"https:\\\/\\\/www.recipes-hungarian.top\\\/wp-content\\\/uploads\\\/2024\\\/12\\\/cropped-oF3yVghNQ1mx9BIiOl6faw.webp\",\"width\":544,\"height\":655,\"caption\":\"Hungarian Cuisine\"},\"image\":{\"@id\":\"https:\\\/\\\/www.recipes-hungarian.top\\\/#\\\/schema\\\/logo\\\/image\\\/\"}},{\"@type\":\"Person\",\"@id\":\"https:\\\/\\\/www.recipes-hungarian.top\\\/#\\\/schema\\\/person\\\/0439e4f8e4c4f4d6965d4f15e2fd25d0\",\"name\":\"olia\",\"image\":{\"@type\":\"ImageObject\",\"inLanguage\":\"hu\",\"@id\":\"https:\\\/\\\/secure.gravatar.com\\\/avatar\\\/bc6b3a9065918aab1d1566098cdf4c45dc0b9a607bd977e471f425b2857bd8e4?s=96&d=mm&r=g\",\"url\":\"https:\\\/\\\/secure.gravatar.com\\\/avatar\\\/bc6b3a9065918aab1d1566098cdf4c45dc0b9a607bd977e471f425b2857bd8e4?s=96&d=mm&r=g\",\"contentUrl\":\"https:\\\/\\\/secure.gravatar.com\\\/avatar\\\/bc6b3a9065918aab1d1566098cdf4c45dc0b9a607bd977e471f425b2857bd8e4?s=96&d=mm&r=g\",\"caption\":\"olia\"},\"url\":\"https:\\\/\\\/www.recipes-hungarian.top\\\/?author=2\"}]}<\/script>\n<!-- \/ Yoast SEO plugin. -->","yoast_head_json":{"title":"Minden kert\u00e9sznek el kellene \u00fcltetnie ezt az \u0151shonos \u00e9vel\u0151 n\u00f6v\u00e9nyt. \u00cdme, mi\u00e9rt. - Hungarian Cuisine","robots":{"index":"index","follow":"follow","max-snippet":"max-snippet:-1","max-image-preview":"max-image-preview:large","max-video-preview":"max-video-preview:-1"},"canonical":"https:\/\/www.recipes-hungarian.top\/?p=8577","og_locale":"hu_HU","og_type":"article","og_title":"Minden kert\u00e9sznek el kellene \u00fcltetnie ezt az \u0151shonos \u00e9vel\u0151 n\u00f6v\u00e9nyt. \u00cdme, mi\u00e9rt. - Hungarian Cuisine","og_description":"Az \u201e\u0151shonos \u00e9vel\u0151k, amelyeket minden kert\u00e9sznek \u00fcltetnie kellene\u201d c\u00edm\u0171 szalagc\u00edmek \u00e1ltal\u00e1ban a b\u00edbor kasvir\u00e1gra (Echinacea purpurea), a m\u00e1lyv\u00e1ra, a kar\u00e1csonyi r\u00f3zs\u00e1ra (Helleborus) vagy a gy\u0171sz\u0171vir\u00e1gra (Microcephalus) vonatkoznak. A mi k\u00f6r\u00fclm\u00e9nyeink k\u00f6z\u00f6tt azonban ez a le\u00edr\u00e1s t\u00f6k\u00e9letesen illik a b\u00edbor kasvir\u00e1gra \u00e9s a m\u00e1lyv\u00e1ra. Ezek az \u0151shonos (vagy r\u00e9g\u00f3ta termesztett) \u00e9vel\u0151k egyre n\u00e9pszer\u0171bbek a modern kerttervez\u00e9sben. [&hellip;]","og_url":"https:\/\/www.recipes-hungarian.top\/?p=8577","og_site_name":"Hungarian Cuisine","article_published_time":"2026-09-04T18:54:54+00:00","og_image":[{"width":720,"height":961,"url":"http:\/\/www.recipes-hungarian.top\/wp-content\/uploads\/2026\/09\/789489673_122110241349409311_1078326531182638041_n.jpg","type":"image\/jpeg"}],"author":"olia","twitter_card":"summary_large_image","twitter_misc":{"Szerz\u0151:":"olia","Becs\u00fclt olvas\u00e1si id\u0151":"2 perc"},"schema":{"@context":"https:\/\/schema.org","@graph":[{"@type":"Article","@id":"https:\/\/www.recipes-hungarian.top\/?p=8577#article","isPartOf":{"@id":"https:\/\/www.recipes-hungarian.top\/?p=8577"},"author":{"name":"olia","@id":"https:\/\/www.recipes-hungarian.top\/#\/schema\/person\/0439e4f8e4c4f4d6965d4f15e2fd25d0"},"headline":"Minden kert\u00e9sznek el kellene \u00fcltetnie ezt az \u0151shonos \u00e9vel\u0151 n\u00f6v\u00e9nyt. \u00cdme, mi\u00e9rt.","datePublished":"2026-09-04T18:54:54+00:00","mainEntityOfPage":{"@id":"https:\/\/www.recipes-hungarian.top\/?p=8577"},"wordCount":446,"commentCount":0,"publisher":{"@id":"https:\/\/www.recipes-hungarian.top\/#organization"},"image":{"@id":"https:\/\/www.recipes-hungarian.top\/?p=8577#primaryimage"},"thumbnailUrl":"https:\/\/www.recipes-hungarian.top\/wp-content\/uploads\/2026\/09\/789489673_122110241349409311_1078326531182638041_n.jpg","articleSection":["Recept"],"inLanguage":"hu","potentialAction":[{"@type":"CommentAction","name":"Comment","target":["https:\/\/www.recipes-hungarian.top\/?p=8577#respond"]}]},{"@type":"WebPage","@id":"https:\/\/www.recipes-hungarian.top\/?p=8577","url":"https:\/\/www.recipes-hungarian.top\/?p=8577","name":"Minden kert\u00e9sznek el kellene \u00fcltetnie ezt az \u0151shonos \u00e9vel\u0151 n\u00f6v\u00e9nyt. \u00cdme, mi\u00e9rt. - Hungarian Cuisine","isPartOf":{"@id":"https:\/\/www.recipes-hungarian.top\/#website"},"primaryImageOfPage":{"@id":"https:\/\/www.recipes-hungarian.top\/?p=8577#primaryimage"},"image":{"@id":"https:\/\/www.recipes-hungarian.top\/?p=8577#primaryimage"},"thumbnailUrl":"https:\/\/www.recipes-hungarian.top\/wp-content\/uploads\/2026\/09\/789489673_122110241349409311_1078326531182638041_n.jpg","datePublished":"2026-09-04T18:54:54+00:00","breadcrumb":{"@id":"https:\/\/www.recipes-hungarian.top\/?p=8577#breadcrumb"},"inLanguage":"hu","potentialAction":[{"@type":"ReadAction","target":["https:\/\/www.recipes-hungarian.top\/?p=8577"]}]},{"@type":"ImageObject","inLanguage":"hu","@id":"https:\/\/www.recipes-hungarian.top\/?p=8577#primaryimage","url":"https:\/\/www.recipes-hungarian.top\/wp-content\/uploads\/2026\/09\/789489673_122110241349409311_1078326531182638041_n.jpg","contentUrl":"https:\/\/www.recipes-hungarian.top\/wp-content\/uploads\/2026\/09\/789489673_122110241349409311_1078326531182638041_n.jpg","width":720,"height":961},{"@type":"BreadcrumbList","@id":"https:\/\/www.recipes-hungarian.top\/?p=8577#breadcrumb","itemListElement":[{"@type":"ListItem","position":1,"name":"Home","item":"https:\/\/www.recipes-hungarian.top\/"},{"@type":"ListItem","position":2,"name":"Minden kert\u00e9sznek el kellene \u00fcltetnie ezt az \u0151shonos \u00e9vel\u0151 n\u00f6v\u00e9nyt. \u00cdme, mi\u00e9rt."}]},{"@type":"WebSite","@id":"https:\/\/www.recipes-hungarian.top\/#website","url":"https:\/\/www.recipes-hungarian.top\/","name":"Hungarian Cuisine","description":"","publisher":{"@id":"https:\/\/www.recipes-hungarian.top\/#organization"},"potentialAction":[{"@type":"SearchAction","target":{"@type":"EntryPoint","urlTemplate":"https:\/\/www.recipes-hungarian.top\/?s={search_term_string}"},"query-input":{"@type":"PropertyValueSpecification","valueRequired":true,"valueName":"search_term_string"}}],"inLanguage":"hu"},{"@type":"Organization","@id":"https:\/\/www.recipes-hungarian.top\/#organization","name":"Hungarian Cuisine","url":"https:\/\/www.recipes-hungarian.top\/","logo":{"@type":"ImageObject","inLanguage":"hu","@id":"https:\/\/www.recipes-hungarian.top\/#\/schema\/logo\/image\/","url":"https:\/\/www.recipes-hungarian.top\/wp-content\/uploads\/2024\/12\/cropped-oF3yVghNQ1mx9BIiOl6faw.webp","contentUrl":"https:\/\/www.recipes-hungarian.top\/wp-content\/uploads\/2024\/12\/cropped-oF3yVghNQ1mx9BIiOl6faw.webp","width":544,"height":655,"caption":"Hungarian Cuisine"},"image":{"@id":"https:\/\/www.recipes-hungarian.top\/#\/schema\/logo\/image\/"}},{"@type":"Person","@id":"https:\/\/www.recipes-hungarian.top\/#\/schema\/person\/0439e4f8e4c4f4d6965d4f15e2fd25d0","name":"olia","image":{"@type":"ImageObject","inLanguage":"hu","@id":"https:\/\/secure.gravatar.com\/avatar\/bc6b3a9065918aab1d1566098cdf4c45dc0b9a607bd977e471f425b2857bd8e4?s=96&d=mm&r=g","url":"https:\/\/secure.gravatar.com\/avatar\/bc6b3a9065918aab1d1566098cdf4c45dc0b9a607bd977e471f425b2857bd8e4?s=96&d=mm&r=g","contentUrl":"https:\/\/secure.gravatar.com\/avatar\/bc6b3a9065918aab1d1566098cdf4c45dc0b9a607bd977e471f425b2857bd8e4?s=96&d=mm&r=g","caption":"olia"},"url":"https:\/\/www.recipes-hungarian.top\/?author=2"}]}},"_links":{"self":[{"href":"https:\/\/www.recipes-hungarian.top\/index.php?rest_route=\/wp\/v2\/posts\/8577","targetHints":{"allow":["GET"]}}],"collection":[{"href":"https:\/\/www.recipes-hungarian.top\/index.php?rest_route=\/wp\/v2\/posts"}],"about":[{"href":"https:\/\/www.recipes-hungarian.top\/index.php?rest_route=\/wp\/v2\/types\/post"}],"author":[{"embeddable":true,"href":"https:\/\/www.recipes-hungarian.top\/index.php?rest_route=\/wp\/v2\/users\/2"}],"replies":[{"embeddable":true,"href":"https:\/\/www.recipes-hungarian.top\/index.php?rest_route=%2Fwp%2Fv2%2Fcomments&post=8577"}],"version-history":[{"count":1,"href":"https:\/\/www.recipes-hungarian.top\/index.php?rest_route=\/wp\/v2\/posts\/8577\/revisions"}],"predecessor-version":[{"id":8579,"href":"https:\/\/www.recipes-hungarian.top\/index.php?rest_route=\/wp\/v2\/posts\/8577\/revisions\/8579"}],"wp:featuredmedia":[{"embeddable":true,"href":"https:\/\/www.recipes-hungarian.top\/index.php?rest_route=\/wp\/v2\/media\/8578"}],"wp:attachment":[{"href":"https:\/\/www.recipes-hungarian.top\/index.php?rest_route=%2Fwp%2Fv2%2Fmedia&parent=8577"}],"wp:term":[{"taxonomy":"category","embeddable":true,"href":"https:\/\/www.recipes-hungarian.top\/index.php?rest_route=%2Fwp%2Fv2%2Fcategories&post=8577"},{"taxonomy":"post_tag","embeddable":true,"href":"https:\/\/www.recipes-hungarian.top\/index.php?rest_route=%2Fwp%2Fv2%2Ftags&post=8577"}],"curies":[{"name":"wp","href":"https:\/\/api.w.org\/{rel}","templated":true}]}}